{"id":13780,"date":"2023-04-11T10:29:00","date_gmt":"2023-04-11T10:29:00","guid":{"rendered":"https:\/\/www.drfz.de\/neuigkeiten\/forschung-zu-rueckenschmerzen-und-rheuma-betroffene-reden-mit\/"},"modified":"2025-03-11T10:32:07","modified_gmt":"2025-03-11T10:32:07","slug":"forschung-zu-rueckenschmerzen-und-rheuma-betroffene-reden-mit","status":"publish","type":"post","link":"https:\/\/www.drfz.de\/en\/neuigkeiten\/forschung-zu-rueckenschmerzen-und-rheuma-betroffene-reden-mit\/","title":{"rendered":"Forschung zu R\u00fcckenschmerzen und Rheuma: Betroffene reden mit"},"content":{"rendered":"\n<p class=\"wp-block-paragraph\">Das&nbsp;<strong>Bundesministerium f\u00fcr Bildung und Forschung<\/strong>&nbsp;berichtet auf seiner Webseite \u00fcber die Aktivit\u00e4ten des Forschungsverbundes TARISMA, an dem Prof. Dr. Anja Strangfeld und weitere Mitarbeitende des Programmbereiches Epidemiologie und Versorgungsforschung am DRFZ federf\u00fchrend beteiligt sind.<\/p>\n\n\n\n<p class=\"wp-block-paragraph\">Ausf\u00fchrliche Informationen und weiterf\u00fchrende Links finden Sie hier:<\/p>\n\n\n\n  <section id=\"block_b49aa8850905211f4245fd505cc352e5\" class=\"section links-list  alignwide \">\n    <div class=\"container container--center\">\n      \n      <div class=\"links-list__items-wrap\">\n        \n<div class=\"links-list__items links-list__items--row \">\n      <div class=\"links-list__item  launimation slideBottom\">\n      \n      <a href=\"https:\/\/www.gesundheitsforschung-bmbf.de\/de\/forschung-zu-ruckenschmerzen-und-rheuma-betroffene-reden-mit-16250.php\" target=\"_blank\" class=\"h6 links-list__item-title\">Forschung zu R\u00fcckenschmerzen und Rheuma: Betroffene reden mit <\/a>\n\n              <span class=\"links-list__item-underline\">3.4.2023 Bundesministerium f\u00fcr Bildung und Forschung Beschwerden durch R\u00fcckenschmerzen und Rheuma sind trotz Fortschritten in der Therapie weit verbreitet. Um die Ursachen zu ergr\u00fcnden, bindet der vom BMBF gef\u00f6rderte Verbund TARISMA die Betroffenen als gleichberechtigte Partner in seine Forschung ein.<\/span>\n      \n      <a href=\"https:\/\/www.gesundheitsforschung-bmbf.de\/de\/forschung-zu-ruckenschmerzen-und-rheuma-betroffene-reden-mit-16250.php\" target=\"_blank\" class=\"links-list__item-link\">\n        <span class=\"button button--arrow button--arrow-nw button--arrow-link\" ><\/span>\n      <\/a>\n    <\/div>\n      <div class=\"links-list__item  launimation slideBottom\">\n      \n      <a href=\"https:\/\/www.drfz.de\/en\/forschung\/programme-area-2\/\" target=\"_blank\" class=\"h6 links-list__item-title\">Programmbereich Epidemiologie am DRFZ<\/a>\n\n              <span class=\"links-list__item-underline\">Leitung: Prof. Dr. Anja Strangfeld.  Welchen Risiken ist der\/die individuelle Rheumakranke durch die Erkrankung und durch die Behandlung ausgesetzt? Wie sicher sind neue Therapien und f\u00fcr wen sind sie geeignet? Wie gut sind Rheumakranke in Deutschland versorgt?  Der Programmbereich Epidemiologie und Versorgungsforschung hat als wesentliches Ziel, die Versorgung und die Lebensqualit\u00e4t rheumakranker Kinder und Erwachsener zu verbessern. Die Grundlage liefern gro\u00dfe epidemiologische Studien, die langfristig und in enger Kooperation mit rund 500 Kinder- und ErwachsenenrheumatologInnen im ganzen Bundesgebiet durchgef\u00fchrt werden.<\/span>\n      \n      <a href=\"https:\/\/www.drfz.de\/en\/forschung\/programme-area-2\/\" target=\"_blank\" class=\"links-list__item-link\">\n        <span class=\"button button--arrow button--arrow-nw button--arrow-link\" ><\/span>\n      <\/a>\n    <\/div>\n  <\/div>\n      <\/div>\n    <\/div>\n  <\/section>\n\n","protected":false},"excerpt":{"rendered":"<p>Das&nbsp;Bundesministerium f\u00fcr Bildung und Forschung&nbsp;berichtet auf seiner Webseite \u00fcber die Aktivit\u00e4ten des Forschungsverbundes TARISMA, an dem Prof. Dr. Anja Strangfeld und weitere Mitarbeitende des Programmbereiches\u2026<\/p>\n","protected":false},"author":9,"featured_media":11746,"comment_status":"closed","ping_status":"closed","sticky":false,"template":"","format":"standard","meta":{"_acf_changed":false,"footnotes":""},"categories":[288,60],"tags":[418,493,467],"programme-area-tax":[180],"working-group-tax":[],"class_list":["post-13780","post","type-post","status-publish","format-standard","has-post-thumbnail","hentry","category-for-patients","category-fuer-patientinnen","tag-pharmacoepidemiology","tag-program-area-2","tag-strangfeld-en","programme-area-tax-programme-area-2"],"acf":[],"yoast_head":"<!-- This site is optimized with the Yoast SEO plugin v27.5 - https:\/\/yoast.com\/product\/yoast-seo-wordpress\/ -->\n<title>Forschung zu R\u00fcckenschmerzen und Rheuma: Betroffene reden mit - DRFZ<\/title>\n<meta name=\"robots\" content=\"index, follow, max-snippet:-1, max-image-preview:large, max-video-preview:-1\" \/>\n<link rel=\"canonical\" href=\"https:\/\/www.drfz.de\/en\/neuigkeiten\/forschung-zu-rueckenschmerzen-und-rheuma-betroffene-reden-mit\/\" \/>\n<meta property=\"og:locale\" content=\"en_US\" \/>\n<meta property=\"og:type\" content=\"article\" \/>\n<meta property=\"og:title\" content=\"Forschung zu R\u00fcckenschmerzen und Rheuma: Betroffene reden mit - DRFZ\" \/>\n<meta property=\"og:description\" content=\"Das&nbsp;Bundesministerium f\u00fcr Bildung und Forschung&nbsp;berichtet auf seiner Webseite \u00fcber die Aktivit\u00e4ten des Forschungsverbundes TARISMA, an dem Prof. Dr. Anja Strangfeld und weitere Mitarbeitende des Programmbereiches\u2026\" \/>\n<meta property=\"og:url\" content=\"https:\/\/www.drfz.de\/en\/neuigkeiten\/forschung-zu-rueckenschmerzen-und-rheuma-betroffene-reden-mit\/\" \/>\n<meta property=\"og:site_name\" content=\"DRFZ\" \/>\n<meta property=\"article:publisher\" content=\"https:\/\/www.facebook.com\/drfz.de\/\" \/>\n<meta property=\"article:published_time\" content=\"2023-04-11T10:29:00+00:00\" \/>\n<meta property=\"article:modified_time\" content=\"2025-03-11T10:32:07+00:00\" \/>\n<meta property=\"og:image\" content=\"https:\/\/www.drfz.de\/wp-content\/uploads\/2025\/02\/2023_04_11_Forschung-zu-Rueckenschmerzen_TARISMA-1.jpg\" \/>\n\t<meta property=\"og:image:width\" content=\"800\" \/>\n\t<meta property=\"og:image:height\" content=\"450\" \/>\n\t<meta property=\"og:image:type\" content=\"image\/jpeg\" \/>\n<meta name=\"author\" content=\"Viet Hoang\" \/>\n<meta name=\"twitter:card\" content=\"summary_large_image\" \/>\n<meta name=\"twitter:creator\" content=\"@DRFZ_Berlin\" \/>\n<meta name=\"twitter:site\" content=\"@DRFZ_Berlin\" \/>\n<meta name=\"twitter:label1\" content=\"Written by\" \/>\n\t<meta name=\"twitter:data1\" content=\"Viet Hoang\" \/>\n\t<meta name=\"twitter:label2\" content=\"Est. reading time\" \/>\n\t<meta name=\"twitter:data2\" content=\"2 minutes\" \/>\n<script type=\"application\/ld+json\" class=\"yoast-schema-graph\">{\"@context\":\"https:\\\/\\\/schema.org\",\"@graph\":[{\"@type\":\"Article\",\"@id\":\"https:\\\/\\\/www.drfz.de\\\/en\\\/neuigkeiten\\\/forschung-zu-rueckenschmerzen-und-rheuma-betroffene-reden-mit\\\/#article\",\"isPartOf\":{\"@id\":\"https:\\\/\\\/www.drfz.de\\\/en\\\/neuigkeiten\\\/forschung-zu-rueckenschmerzen-und-rheuma-betroffene-reden-mit\\\/\"},\"author\":{\"name\":\"Viet Hoang\",\"@id\":\"https:\\\/\\\/www.drfz.de\\\/en\\\/#\\\/schema\\\/person\\\/bfb3defd73223982109dc1eafd951bd3\"},\"headline\":\"Forschung zu R\u00fcckenschmerzen und Rheuma: Betroffene reden mit\",\"datePublished\":\"2023-04-11T10:29:00+00:00\",\"dateModified\":\"2025-03-11T10:32:07+00:00\",\"mainEntityOfPage\":{\"@id\":\"https:\\\/\\\/www.drfz.de\\\/en\\\/neuigkeiten\\\/forschung-zu-rueckenschmerzen-und-rheuma-betroffene-reden-mit\\\/\"},\"wordCount\":59,\"publisher\":{\"@id\":\"https:\\\/\\\/www.drfz.de\\\/en\\\/#organization\"},\"image\":{\"@id\":\"https:\\\/\\\/www.drfz.de\\\/en\\\/neuigkeiten\\\/forschung-zu-rueckenschmerzen-und-rheuma-betroffene-reden-mit\\\/#primaryimage\"},\"thumbnailUrl\":\"https:\\\/\\\/www.drfz.de\\\/wp-content\\\/uploads\\\/2025\\\/02\\\/2023_04_11_Forschung-zu-Rueckenschmerzen_TARISMA-1.jpg\",\"keywords\":[\"Pharmacoepidemiology\",\"Program area 2\",\"Strangfeld\"],\"articleSection\":[\"For patients\",\"F\u00fcr Patient:innen\"],\"inLanguage\":\"en-US\"},{\"@type\":\"WebPage\",\"@id\":\"https:\\\/\\\/www.drfz.de\\\/en\\\/neuigkeiten\\\/forschung-zu-rueckenschmerzen-und-rheuma-betroffene-reden-mit\\\/\",\"url\":\"https:\\\/\\\/www.drfz.de\\\/en\\\/neuigkeiten\\\/forschung-zu-rueckenschmerzen-und-rheuma-betroffene-reden-mit\\\/\",\"name\":\"Forschung zu R\u00fcckenschmerzen und Rheuma: Betroffene reden mit - DRFZ\",\"isPartOf\":{\"@id\":\"https:\\\/\\\/www.drfz.de\\\/en\\\/#website\"},\"primaryImageOfPage\":{\"@id\":\"https:\\\/\\\/www.drfz.de\\\/en\\\/neuigkeiten\\\/forschung-zu-rueckenschmerzen-und-rheuma-betroffene-reden-mit\\\/#primaryimage\"},\"image\":{\"@id\":\"https:\\\/\\\/www.drfz.de\\\/en\\\/neuigkeiten\\\/forschung-zu-rueckenschmerzen-und-rheuma-betroffene-reden-mit\\\/#primaryimage\"},\"thumbnailUrl\":\"https:\\\/\\\/www.drfz.de\\\/wp-content\\\/uploads\\\/2025\\\/02\\\/2023_04_11_Forschung-zu-Rueckenschmerzen_TARISMA-1.jpg\",\"datePublished\":\"2023-04-11T10:29:00+00:00\",\"dateModified\":\"2025-03-11T10:32:07+00:00\",\"breadcrumb\":{\"@id\":\"https:\\\/\\\/www.drfz.de\\\/en\\\/neuigkeiten\\\/forschung-zu-rueckenschmerzen-und-rheuma-betroffene-reden-mit\\\/#breadcrumb\"},\"inLanguage\":\"en-US\",\"potentialAction\":[{\"@type\":\"ReadAction\",\"target\":[\"https:\\\/\\\/www.drfz.de\\\/en\\\/neuigkeiten\\\/forschung-zu-rueckenschmerzen-und-rheuma-betroffene-reden-mit\\\/\"]}]},{\"@type\":\"ImageObject\",\"inLanguage\":\"en-US\",\"@id\":\"https:\\\/\\\/www.drfz.de\\\/en\\\/neuigkeiten\\\/forschung-zu-rueckenschmerzen-und-rheuma-betroffene-reden-mit\\\/#primaryimage\",\"url\":\"https:\\\/\\\/www.drfz.de\\\/wp-content\\\/uploads\\\/2025\\\/02\\\/2023_04_11_Forschung-zu-Rueckenschmerzen_TARISMA-1.jpg\",\"contentUrl\":\"https:\\\/\\\/www.drfz.de\\\/wp-content\\\/uploads\\\/2025\\\/02\\\/2023_04_11_Forschung-zu-Rueckenschmerzen_TARISMA-1.jpg\",\"width\":800,\"height\":450},{\"@type\":\"BreadcrumbList\",\"@id\":\"https:\\\/\\\/www.drfz.de\\\/en\\\/neuigkeiten\\\/forschung-zu-rueckenschmerzen-und-rheuma-betroffene-reden-mit\\\/#breadcrumb\",\"itemListElement\":[{\"@type\":\"ListItem\",\"position\":1,\"name\":\"Home\",\"item\":\"https:\\\/\\\/www.drfz.de\\\/en\\\/\"},{\"@type\":\"ListItem\",\"position\":2,\"name\":\"News\",\"item\":\"https:\\\/\\\/www.drfz.de\\\/en\\\/news\\\/\"},{\"@type\":\"ListItem\",\"position\":3,\"name\":\"Forschung zu R\u00fcckenschmerzen und Rheuma: Betroffene reden mit\"}]},{\"@type\":\"WebSite\",\"@id\":\"https:\\\/\\\/www.drfz.de\\\/en\\\/#website\",\"url\":\"https:\\\/\\\/www.drfz.de\\\/en\\\/\",\"name\":\"DRFZ\",\"description\":\"\",\"publisher\":{\"@id\":\"https:\\\/\\\/www.drfz.de\\\/en\\\/#organization\"},\"potentialAction\":[{\"@type\":\"SearchAction\",\"target\":{\"@type\":\"EntryPoint\",\"urlTemplate\":\"https:\\\/\\\/www.drfz.de\\\/en\\\/?s={search_term_string}\"},\"query-input\":{\"@type\":\"PropertyValueSpecification\",\"valueRequired\":true,\"valueName\":\"search_term_string\"}}],\"inLanguage\":\"en-US\"},{\"@type\":\"Organization\",\"@id\":\"https:\\\/\\\/www.drfz.de\\\/en\\\/#organization\",\"name\":\"Deutsches Rheuma-Forschungszentrum\",\"url\":\"https:\\\/\\\/www.drfz.de\\\/en\\\/\",\"logo\":{\"@type\":\"ImageObject\",\"inLanguage\":\"en-US\",\"@id\":\"https:\\\/\\\/www.drfz.de\\\/en\\\/#\\\/schema\\\/logo\\\/image\\\/\",\"url\":\"https:\\\/\\\/www.drfz.de\\\/wp-content\\\/uploads\\\/2024\\\/10\\\/drfz-footer-logo.svg\",\"contentUrl\":\"https:\\\/\\\/www.drfz.de\\\/wp-content\\\/uploads\\\/2024\\\/10\\\/drfz-footer-logo.svg\",\"width\":1,\"height\":1,\"caption\":\"Deutsches Rheuma-Forschungszentrum\"},\"image\":{\"@id\":\"https:\\\/\\\/www.drfz.de\\\/en\\\/#\\\/schema\\\/logo\\\/image\\\/\"},\"sameAs\":[\"https:\\\/\\\/www.facebook.com\\\/drfz.de\\\/\",\"https:\\\/\\\/x.com\\\/DRFZ_Berlin\",\"https:\\\/\\\/www.linkedin.com\\\/company\\\/deutsches-rheuma-forschungszentrum-berlin\",\"https:\\\/\\\/www.youtube.com\\\/channel\\\/UCf8nDuqpkWwcmCWmfSTkE3w\"]},{\"@type\":\"Person\",\"@id\":\"https:\\\/\\\/www.drfz.de\\\/en\\\/#\\\/schema\\\/person\\\/bfb3defd73223982109dc1eafd951bd3\",\"name\":\"Viet Hoang\",\"image\":{\"@type\":\"ImageObject\",\"inLanguage\":\"en-US\",\"@id\":\"https:\\\/\\\/secure.gravatar.com\\\/avatar\\\/f8b96e1b0aba912be35271142abfbb8039fdd9593cd9d332398b53a8f5b7156e?s=96&d=mm&r=g\",\"url\":\"https:\\\/\\\/secure.gravatar.com\\\/avatar\\\/f8b96e1b0aba912be35271142abfbb8039fdd9593cd9d332398b53a8f5b7156e?s=96&d=mm&r=g\",\"contentUrl\":\"https:\\\/\\\/secure.gravatar.com\\\/avatar\\\/f8b96e1b0aba912be35271142abfbb8039fdd9593cd9d332398b53a8f5b7156e?s=96&d=mm&r=g\",\"caption\":\"Viet Hoang\"}}]}<\/script>\n<!-- \/ Yoast SEO plugin. -->","yoast_head_json":{"title":"Forschung zu R\u00fcckenschmerzen und Rheuma: Betroffene reden mit - DRFZ","robots":{"index":"index","follow":"follow","max-snippet":"max-snippet:-1","max-image-preview":"max-image-preview:large","max-video-preview":"max-video-preview:-1"},"canonical":"https:\/\/www.drfz.de\/en\/neuigkeiten\/forschung-zu-rueckenschmerzen-und-rheuma-betroffene-reden-mit\/","og_locale":"en_US","og_type":"article","og_title":"Forschung zu R\u00fcckenschmerzen und Rheuma: Betroffene reden mit - DRFZ","og_description":"Das&nbsp;Bundesministerium f\u00fcr Bildung und Forschung&nbsp;berichtet auf seiner Webseite \u00fcber die Aktivit\u00e4ten des Forschungsverbundes TARISMA, an dem Prof. Dr. Anja Strangfeld und weitere Mitarbeitende des Programmbereiches\u2026","og_url":"https:\/\/www.drfz.de\/en\/neuigkeiten\/forschung-zu-rueckenschmerzen-und-rheuma-betroffene-reden-mit\/","og_site_name":"DRFZ","article_publisher":"https:\/\/www.facebook.com\/drfz.de\/","article_published_time":"2023-04-11T10:29:00+00:00","article_modified_time":"2025-03-11T10:32:07+00:00","og_image":[{"width":800,"height":450,"url":"https:\/\/www.drfz.de\/wp-content\/uploads\/2025\/02\/2023_04_11_Forschung-zu-Rueckenschmerzen_TARISMA-1.jpg","type":"image\/jpeg"}],"author":"Viet Hoang","twitter_card":"summary_large_image","twitter_creator":"@DRFZ_Berlin","twitter_site":"@DRFZ_Berlin","twitter_misc":{"Written by":"Viet Hoang","Est. reading time":"2 minutes"},"schema":{"@context":"https:\/\/schema.org","@graph":[{"@type":"Article","@id":"https:\/\/www.drfz.de\/en\/neuigkeiten\/forschung-zu-rueckenschmerzen-und-rheuma-betroffene-reden-mit\/#article","isPartOf":{"@id":"https:\/\/www.drfz.de\/en\/neuigkeiten\/forschung-zu-rueckenschmerzen-und-rheuma-betroffene-reden-mit\/"},"author":{"name":"Viet Hoang","@id":"https:\/\/www.drfz.de\/en\/#\/schema\/person\/bfb3defd73223982109dc1eafd951bd3"},"headline":"Forschung zu R\u00fcckenschmerzen und Rheuma: Betroffene reden mit","datePublished":"2023-04-11T10:29:00+00:00","dateModified":"2025-03-11T10:32:07+00:00","mainEntityOfPage":{"@id":"https:\/\/www.drfz.de\/en\/neuigkeiten\/forschung-zu-rueckenschmerzen-und-rheuma-betroffene-reden-mit\/"},"wordCount":59,"publisher":{"@id":"https:\/\/www.drfz.de\/en\/#organization"},"image":{"@id":"https:\/\/www.drfz.de\/en\/neuigkeiten\/forschung-zu-rueckenschmerzen-und-rheuma-betroffene-reden-mit\/#primaryimage"},"thumbnailUrl":"https:\/\/www.drfz.de\/wp-content\/uploads\/2025\/02\/2023_04_11_Forschung-zu-Rueckenschmerzen_TARISMA-1.jpg","keywords":["Pharmacoepidemiology","Program area 2","Strangfeld"],"articleSection":["For patients","F\u00fcr Patient:innen"],"inLanguage":"en-US"},{"@type":"WebPage","@id":"https:\/\/www.drfz.de\/en\/neuigkeiten\/forschung-zu-rueckenschmerzen-und-rheuma-betroffene-reden-mit\/","url":"https:\/\/www.drfz.de\/en\/neuigkeiten\/forschung-zu-rueckenschmerzen-und-rheuma-betroffene-reden-mit\/","name":"Forschung zu R\u00fcckenschmerzen und Rheuma: Betroffene reden mit - DRFZ","isPartOf":{"@id":"https:\/\/www.drfz.de\/en\/#website"},"primaryImageOfPage":{"@id":"https:\/\/www.drfz.de\/en\/neuigkeiten\/forschung-zu-rueckenschmerzen-und-rheuma-betroffene-reden-mit\/#primaryimage"},"image":{"@id":"https:\/\/www.drfz.de\/en\/neuigkeiten\/forschung-zu-rueckenschmerzen-und-rheuma-betroffene-reden-mit\/#primaryimage"},"thumbnailUrl":"https:\/\/www.drfz.de\/wp-content\/uploads\/2025\/02\/2023_04_11_Forschung-zu-Rueckenschmerzen_TARISMA-1.jpg","datePublished":"2023-04-11T10:29:00+00:00","dateModified":"2025-03-11T10:32:07+00:00","breadcrumb":{"@id":"https:\/\/www.drfz.de\/en\/neuigkeiten\/forschung-zu-rueckenschmerzen-und-rheuma-betroffene-reden-mit\/#breadcrumb"},"inLanguage":"en-US","potentialAction":[{"@type":"ReadAction","target":["https:\/\/www.drfz.de\/en\/neuigkeiten\/forschung-zu-rueckenschmerzen-und-rheuma-betroffene-reden-mit\/"]}]},{"@type":"ImageObject","inLanguage":"en-US","@id":"https:\/\/www.drfz.de\/en\/neuigkeiten\/forschung-zu-rueckenschmerzen-und-rheuma-betroffene-reden-mit\/#primaryimage","url":"https:\/\/www.drfz.de\/wp-content\/uploads\/2025\/02\/2023_04_11_Forschung-zu-Rueckenschmerzen_TARISMA-1.jpg","contentUrl":"https:\/\/www.drfz.de\/wp-content\/uploads\/2025\/02\/2023_04_11_Forschung-zu-Rueckenschmerzen_TARISMA-1.jpg","width":800,"height":450},{"@type":"BreadcrumbList","@id":"https:\/\/www.drfz.de\/en\/neuigkeiten\/forschung-zu-rueckenschmerzen-und-rheuma-betroffene-reden-mit\/#breadcrumb","itemListElement":[{"@type":"ListItem","position":1,"name":"Home","item":"https:\/\/www.drfz.de\/en\/"},{"@type":"ListItem","position":2,"name":"News","item":"https:\/\/www.drfz.de\/en\/news\/"},{"@type":"ListItem","position":3,"name":"Forschung zu R\u00fcckenschmerzen und Rheuma: Betroffene reden mit"}]},{"@type":"WebSite","@id":"https:\/\/www.drfz.de\/en\/#website","url":"https:\/\/www.drfz.de\/en\/","name":"DRFZ","description":"","publisher":{"@id":"https:\/\/www.drfz.de\/en\/#organization"},"potentialAction":[{"@type":"SearchAction","target":{"@type":"EntryPoint","urlTemplate":"https:\/\/www.drfz.de\/en\/?s={search_term_string}"},"query-input":{"@type":"PropertyValueSpecification","valueRequired":true,"valueName":"search_term_string"}}],"inLanguage":"en-US"},{"@type":"Organization","@id":"https:\/\/www.drfz.de\/en\/#organization","name":"Deutsches Rheuma-Forschungszentrum","url":"https:\/\/www.drfz.de\/en\/","logo":{"@type":"ImageObject","inLanguage":"en-US","@id":"https:\/\/www.drfz.de\/en\/#\/schema\/logo\/image\/","url":"https:\/\/www.drfz.de\/wp-content\/uploads\/2024\/10\/drfz-footer-logo.svg","contentUrl":"https:\/\/www.drfz.de\/wp-content\/uploads\/2024\/10\/drfz-footer-logo.svg","width":1,"height":1,"caption":"Deutsches Rheuma-Forschungszentrum"},"image":{"@id":"https:\/\/www.drfz.de\/en\/#\/schema\/logo\/image\/"},"sameAs":["https:\/\/www.facebook.com\/drfz.de\/","https:\/\/x.com\/DRFZ_Berlin","https:\/\/www.linkedin.com\/company\/deutsches-rheuma-forschungszentrum-berlin","https:\/\/www.youtube.com\/channel\/UCf8nDuqpkWwcmCWmfSTkE3w"]},{"@type":"Person","@id":"https:\/\/www.drfz.de\/en\/#\/schema\/person\/bfb3defd73223982109dc1eafd951bd3","name":"Viet Hoang","image":{"@type":"ImageObject","inLanguage":"en-US","@id":"https:\/\/secure.gravatar.com\/avatar\/f8b96e1b0aba912be35271142abfbb8039fdd9593cd9d332398b53a8f5b7156e?s=96&d=mm&r=g","url":"https:\/\/secure.gravatar.com\/avatar\/f8b96e1b0aba912be35271142abfbb8039fdd9593cd9d332398b53a8f5b7156e?s=96&d=mm&r=g","contentUrl":"https:\/\/secure.gravatar.com\/avatar\/f8b96e1b0aba912be35271142abfbb8039fdd9593cd9d332398b53a8f5b7156e?s=96&d=mm&r=g","caption":"Viet Hoang"}}]}},"_links":{"self":[{"href":"https:\/\/www.drfz.de\/en\/wp-json\/wp\/v2\/posts\/13780","targetHints":{"allow":["GET"]}}],"collection":[{"href":"https:\/\/www.drfz.de\/en\/wp-json\/wp\/v2\/posts"}],"about":[{"href":"https:\/\/www.drfz.de\/en\/wp-json\/wp\/v2\/types\/post"}],"author":[{"embeddable":true,"href":"https:\/\/www.drfz.de\/en\/wp-json\/wp\/v2\/users\/9"}],"replies":[{"embeddable":true,"href":"https:\/\/www.drfz.de\/en\/wp-json\/wp\/v2\/comments?post=13780"}],"version-history":[{"count":1,"href":"https:\/\/www.drfz.de\/en\/wp-json\/wp\/v2\/posts\/13780\/revisions"}],"predecessor-version":[{"id":13782,"href":"https:\/\/www.drfz.de\/en\/wp-json\/wp\/v2\/posts\/13780\/revisions\/13782"}],"wp:featuredmedia":[{"embeddable":true,"href":"https:\/\/www.drfz.de\/en\/wp-json\/wp\/v2\/media\/11746"}],"wp:attachment":[{"href":"https:\/\/www.drfz.de\/en\/wp-json\/wp\/v2\/media?parent=13780"}],"wp:term":[{"taxonomy":"category","embeddable":true,"href":"https:\/\/www.drfz.de\/en\/wp-json\/wp\/v2\/categories?post=13780"},{"taxonomy":"post_tag","embeddable":true,"href":"https:\/\/www.drfz.de\/en\/wp-json\/wp\/v2\/tags?post=13780"},{"taxonomy":"programme-area-tax","embeddable":true,"href":"https:\/\/www.drfz.de\/en\/wp-json\/wp\/v2\/programme-area-tax?post=13780"},{"taxonomy":"working-group-tax","embeddable":true,"href":"https:\/\/www.drfz.de\/en\/wp-json\/wp\/v2\/working-group-tax?post=13780"}],"curies":[{"name":"wp","href":"https:\/\/api.w.org\/{rel}","templated":true}]}}